{"id":2456,"date":"2024-04-22T21:54:42","date_gmt":"2024-04-22T19:54:42","guid":{"rendered":"https:\/\/friesi.org\/?p=2456"},"modified":"2024-04-23T12:50:10","modified_gmt":"2024-04-23T10:50:10","slug":"beginn-der-freibadsaison-am-18-05-2024-einschraenkungen-der-oeffnungszeiten","status":"publish","type":"post","link":"https:\/\/friesi.org\/beginn-der-freibadsaison-am-18-05-2024-einschraenkungen-der-oeffnungszeiten\/","title":{"rendered":"Beginn der Freibadsaison am 18.05.2024 \/Einschr\u00e4nkungen der \u00d6ffnungszeiten"},"content":{"rendered":"\n<p>Liebe Freibadfreunde,&nbsp;<\/p>\n\n\n\n<p>am 18.05.2024 wird das Friesi als erstes Bad in Bonn in die Freibadsaison starten. Der Hallenbetrieb endet zum 05.05..2024.\u00a0<\/p>\n\n\n\n<p>Die Freibadsaison in Friesdorf wird bis zum 01.09.2024 gehen. Eine Verl\u00e4ngerung ist nicht m\u00f6glich, da ab diesem Zeitpunkt die Halle wieder aufgebaut wird.&nbsp;<\/p>\n\n\n\n<p>Leider wird es in diesem Jahr nur eingeschr\u00e4nkte \u00d6ffnungszeiten von 11.00 Uhr bis 19.00 Uhr geben. Hintergrund ist ein massiver Fachkr\u00e4ftemangel. Dieser kann auch nicht durch uns als Verein ausgeglichen werden, da dazu ausgebildete Fachkr\u00e4fte und nicht alleine Rettungsschwimmer erforderlich sind. Das Sport- und B\u00e4deramt hat sich sehr bem\u00fcht auch mit Leiharbeitsfirmen oder \u00dcberlassungen von anderen Gemeinden noch an Fachkr\u00e4fte zu kommen, konnte aber keine ausreichende Anzahl gewinnen. Konkret fehlen 5 Vollzeitstellen. Damit \u00fcberhaupt alle funktionierenden Freib\u00e4der in Bonn \u00f6ffnen k\u00f6nnen, ist die Reduzierung der \u00d6ffnungszeiten im Friesi notwendig und der Betrieb in der restlichen Zeit auch nur dadurch m\u00f6glich, dass Fachkr\u00e4fte, die ansonsten mit anderweitigen Aufgaben betraut sind, \u00fcber den Sommer diese Aufgaben \u00fcbernehmen.&nbsp;<\/p>\n\n\n\n<p>Wir bedauern sehr, dass nach mehreren Jahren nur eingeschr\u00e4nktem Badebetrieb auch dieses Jahr das Friesi wieder von Einschr\u00e4nkungen betroffen ist, die besonders unsere treuen Fr\u00fchschwimmer betreffen. Wir unterst\u00fctzen die Bestrebungen des Sport- und B\u00e4deramts die Organisation der Bonner B\u00e4der umzustrukturieren, um die Bedingungen und insbesondere auch die Bezahlung f\u00fcr die Fachkr\u00e4fte zu verbessern und so die Bonner B\u00e4der auch f\u00fcr Fachkr\u00e4fte wieder attraktiver zu machen. Dieser Schritt ist \u00fcberf\u00e4llig und wird von uns schon seit vielen Jahren gefordert.<\/p>\n","protected":false},"excerpt":{"rendered":"<p>Liebe Freibadfreunde,&nbsp; am 18.05.2024 wird das Friesi als erstes Bad in Bonn in die Freibadsaison starten. Der Hallenbetrieb endet zum 05.05..2024.\u00a0 Die Freibadsaison in Friesdorf wird<span class=\"excerpt-hellip\"> [\u2026]<\/span><\/p>\n","protected":false},"author":7,"featured_media":328,"comment_status":"open","ping_status":"open","sticky":false,"template":"","format":"standard","meta":{"footnotes":""},"categories":[1],"tags":[],"class_list":["post-2456","post","type-post","status-publish","format-standard","has-post-thumbnail","hentry","category-uncategorized"],"_links":{"self":[{"href":"https:\/\/friesi.org\/rest\/wp\/v2\/posts\/2456","targetHints":{"allow":["GET"]}}],"collection":[{"href":"https:\/\/friesi.org\/rest\/wp\/v2\/posts"}],"about":[{"href":"https:\/\/friesi.org\/rest\/wp\/v2\/types\/post"}],"author":[{"embeddable":true,"href":"https:\/\/friesi.org\/rest\/wp\/v2\/users\/7"}],"replies":[{"embeddable":true,"href":"https:\/\/friesi.org\/rest\/wp\/v2\/comments?post=2456"}],"version-history":[{"count":2,"href":"https:\/\/friesi.org\/rest\/wp\/v2\/posts\/2456\/revisions"}],"predecessor-version":[{"id":2460,"href":"https:\/\/friesi.org\/rest\/wp\/v2\/posts\/2456\/revisions\/2460"}],"wp:featuredmedia":[{"embeddable":true,"href":"https:\/\/friesi.org\/rest\/wp\/v2\/media\/328"}],"wp:attachment":[{"href":"https:\/\/friesi.org\/rest\/wp\/v2\/media?parent=2456"}],"wp:term":[{"taxonomy":"category","embeddable":true,"href":"https:\/\/friesi.org\/rest\/wp\/v2\/categories?post=2456"},{"taxonomy":"post_tag","embeddable":true,"href":"https:\/\/friesi.org\/rest\/wp\/v2\/tags?post=2456"}],"curies":[{"name":"wp","href":"https:\/\/api.w.org\/{rel}","templated":true}]}}