{"id":2588,"date":"2024-09-25T15:39:39","date_gmt":"2024-09-25T13:39:39","guid":{"rendered":"https:\/\/friesi.org\/?p=2588"},"modified":"2024-09-25T15:39:39","modified_gmt":"2024-09-25T13:39:39","slug":"beginn-der-hallensaison-am-30-09-2024-und-konzert-am-03-oktober","status":"publish","type":"post","link":"https:\/\/friesi.org\/beginn-der-hallensaison-am-30-09-2024-und-konzert-am-03-oktober\/","title":{"rendered":"Beginn der Hallensaison am 30.09.2024 und Konzert am 03.Oktober"},"content":{"rendered":"\n<p><\/p>\n\n\n\n<p>Dieses Jahr beginnt die Saison mit einem besonderen Erlebnis, einem Konzert des Trio Wellenbad \u00dcber- und Unterwasser am 03. Oktober 2024 von 16.00 Uhr bis 17.00 Uhr.<\/p>\n\n\n\n<p>Bereits im Juli hat das Trio Wellenbad im Freibad das erste der beiden Konzerte gegeben, dass nur Unterwasser zu erleben war und ganz neue Klangerlebnisse er\u00f6ffnete.<\/p>\n\n\n\n<p>&nbsp;Am 03. Oktober wird die Musik dann nicht nur Unter- sondern auch \u00dcberwasser zu h\u00f6ren sein und mit Videoprojektionen erg\u00e4nzt werden. Dies bietet dann im Rahmen der Traglufthalle ein ganz besonderes Erlebnis aus Soundinstallationen und Klangkunst zu dem wir Sie herzlich einladen. Es gilt der normale Schwimmbad-Eintritt. Wer schon vor 16.00 Uhr kommt, kann also einfach in der Halle bleiben und das Konzert genie\u00dfen.<\/p>\n\n\n\n<p>Die Hallensaison im Friesi startet  bereits am Montag, den 30.09.2024. Die jeweils aktuellen \u00d6ffnungszeiten sind hier zu finden:  <a href=\"https:\/\/baeder.bonn.de\/oeffnungszeiten\">https:\/\/baeder.bonn.de\/oeffnungszeiten<\/a><\/p>\n\n\n\n<p><\/p>\n","protected":false},"excerpt":{"rendered":"<p>Dieses Jahr beginnt die Saison mit einem besonderen Erlebnis, einem Konzert des Trio Wellenbad \u00dcber- und Unterwasser am 03. Oktober 2024 von 16.00 Uhr bis 17.00<span class=\"excerpt-hellip\"> [\u2026]<\/span><\/p>\n","protected":false},"author":7,"featured_media":2589,"comment_status":"open","ping_status":"open","sticky":false,"template":"","format":"standard","meta":{"footnotes":""},"categories":[1],"tags":[],"class_list":["post-2588","post","type-post","status-publish","format-standard","has-post-thumbnail","hentry","category-uncategorized"],"_links":{"self":[{"href":"https:\/\/friesi.org\/rest\/wp\/v2\/posts\/2588","targetHints":{"allow":["GET"]}}],"collection":[{"href":"https:\/\/friesi.org\/rest\/wp\/v2\/posts"}],"about":[{"href":"https:\/\/friesi.org\/rest\/wp\/v2\/types\/post"}],"author":[{"embeddable":true,"href":"https:\/\/friesi.org\/rest\/wp\/v2\/users\/7"}],"replies":[{"embeddable":true,"href":"https:\/\/friesi.org\/rest\/wp\/v2\/comments?post=2588"}],"version-history":[{"count":1,"href":"https:\/\/friesi.org\/rest\/wp\/v2\/posts\/2588\/revisions"}],"predecessor-version":[{"id":2590,"href":"https:\/\/friesi.org\/rest\/wp\/v2\/posts\/2588\/revisions\/2590"}],"wp:featuredmedia":[{"embeddable":true,"href":"https:\/\/friesi.org\/rest\/wp\/v2\/media\/2589"}],"wp:attachment":[{"href":"https:\/\/friesi.org\/rest\/wp\/v2\/media?parent=2588"}],"wp:term":[{"taxonomy":"category","embeddable":true,"href":"https:\/\/friesi.org\/rest\/wp\/v2\/categories?post=2588"},{"taxonomy":"post_tag","embeddable":true,"href":"https:\/\/friesi.org\/rest\/wp\/v2\/tags?post=2588"}],"curies":[{"name":"wp","href":"https:\/\/api.w.org\/{rel}","templated":true}]}}